{"id":55,"date":"2021-06-16T14:23:13","date_gmt":"2021-06-16T12:23:13","guid":{"rendered":"http:\/\/blog.kacperhomelife.pl\/?p=55"},"modified":"2021-06-16T14:23:13","modified_gmt":"2021-06-16T12:23:13","slug":"dekoracja-stolu-pod-chmurka","status":"publish","type":"post","link":"https:\/\/blog.kacperhomelife.pl\/index.php\/2021\/06\/16\/dekoracja-stolu-pod-chmurka\/","title":{"rendered":"Dekoracja sto\u0142u pod chmurk\u0105."},"content":{"rendered":"\n<figure class=\"wp-block-image size-large\"><img loading=\"lazy\" decoding=\"async\" width=\"683\" height=\"1024\" src=\"http:\/\/blog.kacperhomelife.pl\/wp-content\/uploads\/2021\/06\/3U2A5950-683x1024.jpg\" alt=\"\" class=\"wp-image-65\" srcset=\"https:\/\/blog.kacperhomelife.pl\/wp-content\/uploads\/2021\/06\/3U2A5950-683x1024.jpg 683w, https:\/\/blog.kacperhomelife.pl\/wp-content\/uploads\/2021\/06\/3U2A5950-200x300.jpg 200w, https:\/\/blog.kacperhomelife.pl\/wp-content\/uploads\/2021\/06\/3U2A5950-768x1152.jpg 768w, https:\/\/blog.kacperhomelife.pl\/wp-content\/uploads\/2021\/06\/3U2A5950-1024x1536.jpg 1024w, https:\/\/blog.kacperhomelife.pl\/wp-content\/uploads\/2021\/06\/3U2A5950-1365x2048.jpg 1365w, https:\/\/blog.kacperhomelife.pl\/wp-content\/uploads\/2021\/06\/3U2A5950-300x450.jpg 300w, https:\/\/blog.kacperhomelife.pl\/wp-content\/uploads\/2021\/06\/3U2A5950-850x1275.jpg 850w, https:\/\/blog.kacperhomelife.pl\/wp-content\/uploads\/2021\/06\/3U2A5950-scaled.jpg 1707w\" sizes=\"auto, (max-width: 683px) 100vw, 683px\" \/><\/figure>\n\n\n\n<p>Taras to dla wielu z nas miejsce magiczne. Polacy s\u0105 narodem, kt\u00f3ry uwielbia wypoczynek na \u0142onie natury. Kochamy sp\u0119dza\u0107 czas ze znajomymi, z przyjaci\u00f3\u0142mi, lubimy si\u0119 chwali\u0107 i dzieli\u0107. Czemu zatem nie stworzy\u0107 miejsca, kt\u00f3rym pochwalimy si\u0119 pi\u0119knem stworzonym przez nas samych. W pierwszym artykule pisali\u015bmy o zaaran\u017cowaniu przestrzeni do wypoczynku, w tym skupimy si\u0119 na przygotowaniu sto\u0142u na letni podwieczorek.<\/p>\n\n\n\n<figure class=\"wp-block-image size-large\"><img loading=\"lazy\" decoding=\"async\" width=\"1024\" height=\"683\" src=\"http:\/\/blog.kacperhomelife.pl\/wp-content\/uploads\/2021\/06\/3U2A5941-1024x683.jpg\" alt=\"\" class=\"wp-image-74\" srcset=\"https:\/\/blog.kacperhomelife.pl\/wp-content\/uploads\/2021\/06\/3U2A5941-1024x683.jpg 1024w, https:\/\/blog.kacperhomelife.pl\/wp-content\/uploads\/2021\/06\/3U2A5941-300x200.jpg 300w, https:\/\/blog.kacperhomelife.pl\/wp-content\/uploads\/2021\/06\/3U2A5941-768x512.jpg 768w, https:\/\/blog.kacperhomelife.pl\/wp-content\/uploads\/2021\/06\/3U2A5941-1536x1024.jpg 1536w, https:\/\/blog.kacperhomelife.pl\/wp-content\/uploads\/2021\/06\/3U2A5941-2048x1365.jpg 2048w, https:\/\/blog.kacperhomelife.pl\/wp-content\/uploads\/2021\/06\/3U2A5941-850x567.jpg 850w\" sizes=\"auto, (max-width: 1024px) 100vw, 1024px\" \/><\/figure>\n\n\n\n<p>S\u0142o\u0144ce ju\u017c zachodzi, delikatnie pie\u015bci promieniami. Zasiadasz z najbli\u017csz\u0105 Ci osob\u0105 do sto\u0142u, by cieszy\u0107 si\u0119 i delektowa\u0107 jedzeniem podanym na pi\u0119knej pastelowej zastawie. Nalewasz wino do cudownie odbijaj\u0105cych \u015bwiat\u0142o kieliszk\u00f3w.    Zapach \u015bwie\u017cych owoc\u00f3w \u0142agodnie unosi si\u0119 w powietrzu. \u015apiew ptak\u00f3w oznajmiaj\u0105cych zako\u0144czenie dnia informuje, i\u017c za chwile uko\u0142ysze Ci\u0119 \u015bpiew \u015bwierszczy. Tak to Twoje miejsce Tw\u00f3j czas.<\/p>\n\n\n\n<figure class=\"wp-block-image size-large\"><img loading=\"lazy\" decoding=\"async\" width=\"683\" height=\"1024\" src=\"http:\/\/blog.kacperhomelife.pl\/wp-content\/uploads\/2021\/06\/3U2A5945-683x1024.jpg\" alt=\"\" class=\"wp-image-75\" srcset=\"https:\/\/blog.kacperhomelife.pl\/wp-content\/uploads\/2021\/06\/3U2A5945-683x1024.jpg 683w, https:\/\/blog.kacperhomelife.pl\/wp-content\/uploads\/2021\/06\/3U2A5945-200x300.jpg 200w, https:\/\/blog.kacperhomelife.pl\/wp-content\/uploads\/2021\/06\/3U2A5945-768x1152.jpg 768w, https:\/\/blog.kacperhomelife.pl\/wp-content\/uploads\/2021\/06\/3U2A5945-1024x1536.jpg 1024w, https:\/\/blog.kacperhomelife.pl\/wp-content\/uploads\/2021\/06\/3U2A5945-1365x2048.jpg 1365w, https:\/\/blog.kacperhomelife.pl\/wp-content\/uploads\/2021\/06\/3U2A5945-300x450.jpg 300w, https:\/\/blog.kacperhomelife.pl\/wp-content\/uploads\/2021\/06\/3U2A5945-850x1275.jpg 850w, https:\/\/blog.kacperhomelife.pl\/wp-content\/uploads\/2021\/06\/3U2A5945-scaled.jpg 1707w\" sizes=\"auto, (max-width: 683px) 100vw, 683px\" \/><\/figure>\n\n\n\n<p>W naszej aran\u017cacji u\u017cyli\u015bmy zastawy w delikatnym niebiesko-szarym kolorze. Talerze maj\u0105 nieregularny kszta\u0142t, co czyni je wyj\u0105tkowymi.  Miski, cho\u0107 pochodz\u0105 od innego kompletu, idealnie pasuj\u0105 do ca\u0142ego zestawu. \u0141\u0105czenie faktur, kolor\u00f3w ju\u017c nie jest &#8222;zbrodni\u0105 wn\u0119trzarsk\u0105&#8221;, a sta\u0142o si\u0119  wr\u0119cz trendem i popisem umiej\u0119tno\u015bci.  Nie b\u00f3jcie si\u0119 czasami zaszale\u0107 :).<\/p>\n\n\n\n<figure class=\"wp-block-image size-large\"><img loading=\"lazy\" decoding=\"async\" width=\"683\" height=\"1024\" src=\"http:\/\/blog.kacperhomelife.pl\/wp-content\/uploads\/2021\/06\/3U2A5938-683x1024.jpg\" alt=\"\" class=\"wp-image-66\" srcset=\"https:\/\/blog.kacperhomelife.pl\/wp-content\/uploads\/2021\/06\/3U2A5938-683x1024.jpg 683w, https:\/\/blog.kacperhomelife.pl\/wp-content\/uploads\/2021\/06\/3U2A5938-200x300.jpg 200w, https:\/\/blog.kacperhomelife.pl\/wp-content\/uploads\/2021\/06\/3U2A5938-768x1152.jpg 768w, https:\/\/blog.kacperhomelife.pl\/wp-content\/uploads\/2021\/06\/3U2A5938-1024x1536.jpg 1024w, https:\/\/blog.kacperhomelife.pl\/wp-content\/uploads\/2021\/06\/3U2A5938-1365x2048.jpg 1365w, https:\/\/blog.kacperhomelife.pl\/wp-content\/uploads\/2021\/06\/3U2A5938-300x450.jpg 300w, https:\/\/blog.kacperhomelife.pl\/wp-content\/uploads\/2021\/06\/3U2A5938-850x1275.jpg 850w, https:\/\/blog.kacperhomelife.pl\/wp-content\/uploads\/2021\/06\/3U2A5938-scaled.jpg 1707w\" sizes=\"auto, (max-width: 683px) 100vw, 683px\" \/><\/figure>\n\n\n\n<p> Dekoracja- zastawa sto\u0142u na tarasie, czy w ogrodzie rz\u0105dzi si\u0119 swoimi prawami.  W aran\u017cacjach letnich przewa\u017caj\u0105 kolory lata, kolory ziemi i natury. Letni st\u00f3\u0142 pozwala nam na wyj\u015bcie z ram i szablon\u00f3w. Pi\u0119kna porcelana b\u0119dzie cudownie prezentowa\u0107 si\u0119 obok kolorowych szklanek czy drewnianych podtalerzy. Kieliszek z kryszta\u0142u po\u0142\u0105czony z lnian\u0105 serwetk\u0105 zachwyci swym pi\u0119knem.  Jedna z podk\u0142adek podtalerzami wykonana jest z drzewa tlenowego, druga wykonana jest z trawy morskiej. <\/p>\n\n\n\n<figure class=\"wp-block-image size-large\"><img loading=\"lazy\" decoding=\"async\" width=\"683\" height=\"1024\" src=\"http:\/\/blog.kacperhomelife.pl\/wp-content\/uploads\/2021\/06\/3U2A5956-683x1024.jpg\" alt=\"\" class=\"wp-image-76\" srcset=\"https:\/\/blog.kacperhomelife.pl\/wp-content\/uploads\/2021\/06\/3U2A5956-683x1024.jpg 683w, https:\/\/blog.kacperhomelife.pl\/wp-content\/uploads\/2021\/06\/3U2A5956-200x300.jpg 200w, https:\/\/blog.kacperhomelife.pl\/wp-content\/uploads\/2021\/06\/3U2A5956-768x1152.jpg 768w, https:\/\/blog.kacperhomelife.pl\/wp-content\/uploads\/2021\/06\/3U2A5956-1024x1536.jpg 1024w, https:\/\/blog.kacperhomelife.pl\/wp-content\/uploads\/2021\/06\/3U2A5956-1365x2048.jpg 1365w, https:\/\/blog.kacperhomelife.pl\/wp-content\/uploads\/2021\/06\/3U2A5956-300x450.jpg 300w, https:\/\/blog.kacperhomelife.pl\/wp-content\/uploads\/2021\/06\/3U2A5956-850x1275.jpg 850w, https:\/\/blog.kacperhomelife.pl\/wp-content\/uploads\/2021\/06\/3U2A5956-scaled.jpg 1707w\" sizes=\"auto, (max-width: 683px) 100vw, 683px\" \/><\/figure>\n\n\n\n<p>Szklanki  zdobi\u0105 t\u0142oczenia na kszta\u0142t romb\u00f3w, barwione na\u00a0szaro szk\u0142o sprawia, \u017ce zestaw prezentuje si\u0119 bardzo efektownie, a w \u015bwietle dziennym pozostawia zielon\u0105 po\u015bwiat\u0119. Ca\u0142o\u015b\u0107 dope\u0142nia drewniana misa, kt\u00f3r\u0105 wype\u0142nili\u015bmy owocami, a one pi\u0119knie kontrastuj\u0105 z drewnianym sto\u0142em.<\/p>\n\n\n\n<figure class=\"wp-block-image size-large\"><img loading=\"lazy\" decoding=\"async\" width=\"683\" height=\"1024\" src=\"http:\/\/blog.kacperhomelife.pl\/wp-content\/uploads\/2021\/06\/3U2A5951-683x1024.jpg\" alt=\"\" class=\"wp-image-77\" srcset=\"https:\/\/blog.kacperhomelife.pl\/wp-content\/uploads\/2021\/06\/3U2A5951-683x1024.jpg 683w, https:\/\/blog.kacperhomelife.pl\/wp-content\/uploads\/2021\/06\/3U2A5951-200x300.jpg 200w, https:\/\/blog.kacperhomelife.pl\/wp-content\/uploads\/2021\/06\/3U2A5951-768x1152.jpg 768w, https:\/\/blog.kacperhomelife.pl\/wp-content\/uploads\/2021\/06\/3U2A5951-1024x1536.jpg 1024w, https:\/\/blog.kacperhomelife.pl\/wp-content\/uploads\/2021\/06\/3U2A5951-1365x2048.jpg 1365w, https:\/\/blog.kacperhomelife.pl\/wp-content\/uploads\/2021\/06\/3U2A5951-300x450.jpg 300w, https:\/\/blog.kacperhomelife.pl\/wp-content\/uploads\/2021\/06\/3U2A5951-850x1275.jpg 850w, https:\/\/blog.kacperhomelife.pl\/wp-content\/uploads\/2021\/06\/3U2A5951-scaled.jpg 1707w\" sizes=\"auto, (max-width: 683px) 100vw, 683px\" \/><\/figure>\n\n\n\n<p><\/p>\n\n\n\n<p>Dekoracja sto\u0142u na tarasie powinna sprawia\u0107, \u017ce domownicy i go\u015bcie, b\u0119d\u0105 si\u0119 czuli dobrze i swobodnie. Pomys\u0142y czerpmy z otaczaj\u0105cej nas przyrody. <\/p>\n\n\n\n<p>Wszystkie produkty u\u017cyte w aran\u017cacji naszego sto\u0142u znajdziecie w sklepie Kacper Home life.<\/p>\n","protected":false},"excerpt":{"rendered":"<p>Taras to dla wielu z nas miejsce magiczne. Polacy s\u0105 narodem, kt\u00f3ry uwielbia wypoczynek na \u0142onie natury. Kochamy sp\u0119dza\u0107 czas ze znajomymi, z przyjaci\u00f3\u0142mi, lubimy si\u0119 chwali\u0107 i dzieli\u0107. Czemu zatem nie stworzy\u0107 miejsca, kt\u00f3rym pochwalimy si\u0119 pi\u0119knem stworzonym przez nas samych. W pierwszym artykule pisali\u015bmy o zaaran\u017cowaniu przestrzeni do wypoczynku, w tym skupimy si\u0119&#8230;<\/p>\n","protected":false},"author":1,"featured_media":64,"comment_status":"open","ping_status":"open","sticky":false,"template":"","format":"standard","meta":{"footnotes":""},"categories":[16],"tags":[47,5,21,31,44,45,41,40,46,38,35,34,33,9,42,43,18,17,29,28,30,32,22,37,23,36,26,25,27,3,39,24],"class_list":["post-55","post","type-post","status-publish","format-standard","has-post-thumbnail","hentry","category-wnetrza","tag-drewno","tag-inspiracja","tag-kieliszek","tag-kieliszki","tag-len","tag-lniane","tag-lyzeczka","tag-lyzka","tag-misa","tag-noz","tag-podkladka-2","tag-podkladka","tag-poduszka","tag-poduszki","tag-serwetka","tag-serwetki","tag-stol-2","tag-stol","tag-szklaneczka","tag-szklanka","tag-szklanki","tag-szklo-2","tag-szklo","tag-sztucce","tag-table","tag-tablewear","tag-talerz","tag-talerze","tag-talerzyk","tag-taras","tag-widelec","tag-zastawa"],"_links":{"self":[{"href":"https:\/\/blog.kacperhomelife.pl\/index.php\/wp-json\/wp\/v2\/posts\/55","targetHints":{"allow":["GET"]}}],"collection":[{"href":"https:\/\/blog.kacperhomelife.pl\/index.php\/wp-json\/wp\/v2\/posts"}],"about":[{"href":"https:\/\/blog.kacperhomelife.pl\/index.php\/wp-json\/wp\/v2\/types\/post"}],"author":[{"embeddable":true,"href":"https:\/\/blog.kacperhomelife.pl\/index.php\/wp-json\/wp\/v2\/users\/1"}],"replies":[{"embeddable":true,"href":"https:\/\/blog.kacperhomelife.pl\/index.php\/wp-json\/wp\/v2\/comments?post=55"}],"version-history":[{"count":11,"href":"https:\/\/blog.kacperhomelife.pl\/index.php\/wp-json\/wp\/v2\/posts\/55\/revisions"}],"predecessor-version":[{"id":79,"href":"https:\/\/blog.kacperhomelife.pl\/index.php\/wp-json\/wp\/v2\/posts\/55\/revisions\/79"}],"wp:featuredmedia":[{"embeddable":true,"href":"https:\/\/blog.kacperhomelife.pl\/index.php\/wp-json\/wp\/v2\/media\/64"}],"wp:attachment":[{"href":"https:\/\/blog.kacperhomelife.pl\/index.php\/wp-json\/wp\/v2\/media?parent=55"}],"wp:term":[{"taxonomy":"category","embeddable":true,"href":"https:\/\/blog.kacperhomelife.pl\/index.php\/wp-json\/wp\/v2\/categories?post=55"},{"taxonomy":"post_tag","embeddable":true,"href":"https:\/\/blog.kacperhomelife.pl\/index.php\/wp-json\/wp\/v2\/tags?post=55"}],"curies":[{"name":"wp","href":"https:\/\/api.w.org\/{rel}","templated":true}]}}